{"id":247,"date":"2026-08-16T11:42:39","date_gmt":"2026-08-16T11:42:39","guid":{"rendered":"https:\/\/anttilanjaakko.fi\/?p=247"},"modified":"2026-08-16T11:42:40","modified_gmt":"2026-08-16T11:42:40","slug":"yhteisollisyys-jarviseudun-voimavara","status":"publish","type":"post","link":"https:\/\/anttilanjaakko.fi\/index.php\/2026\/08\/16\/yhteisollisyys-jarviseudun-voimavara\/","title":{"rendered":"Yhteis\u00f6llisyys J\u00e4rviseudun voimavara"},"content":{"rendered":"\n<p class=\"wp-block-paragraph\">Viime viikkojen aikana olemme saaneet nauttia useista J\u00e4rviseudun kes\u00e4markkinoista. Aurinko paistoi ja k\u00e4vij\u00e4t p\u00e4\u00e4siv\u00e4t tekem\u00e4\u00e4n ostoksia myyntikojuissa. Kes\u00e4markkinoissa parasta taitaa kuitenkin olla tuttujen n\u00e4keminen, toisten ihmisten kohtaaminen.<\/p>\n\n\n\n<p class=\"wp-block-paragraph\">Kes\u00e4markkinoiden lis\u00e4ksi J\u00e4rviseudulla j\u00e4rjestet\u00e4\u00e4n kes\u00e4ll\u00e4 kymmeni\u00e4 muita tapahtumia, joiden joukossa on jopa tuhansia ihmisi\u00e4 paikalle houkutteleva Vimpelin Pesisfestivaalit. Jokainen kes\u00e4tapahtuma vaatii kymmeni\u00e4 ja satoja ty\u00f6tunteja, jotka yleens\u00e4 tehd\u00e4\u00e4n talkoilla. Kiitos jokaiselle talkoolaiselle! Ilman teit\u00e4 ei olisi tapahtumia, joista my\u00f6s sadat tai jopa tuhannet alueen kes\u00e4asukkaat p\u00e4\u00e4sev\u00e4t nauttimaan.<\/p>\n\n\n\n<p class=\"wp-block-paragraph\">Voisiko t\u00e4t\u00e4 yhteis\u00f6llisyytt\u00e4 jatkaa my\u00f6s syksyll\u00e4, talvella ja kev\u00e4\u00e4ll\u00e4? J\u00e4rviseudulla on aktiivisia yhdistyksi\u00e4 ja muita yhteis\u00f6j\u00e4, jotka j\u00e4rjest\u00e4v\u00e4t ymp\u00e4rivuotisesti toimintaa: l\u00e4htek\u00e4\u00e4 rohkeasti mukaan! Pyrit\u00e4\u00e4n my\u00f6s osallistumaan ymp\u00e4ri vuoden tapahtumiin, on ne j\u00e4rjestetty sitten yritysten tai yhdistysten toimesta.<\/p>\n\n\n\n<p class=\"wp-block-paragraph\">Jaakko Anttila<\/p>\n\n\n\n<p class=\"wp-block-paragraph\">eduskuntavaaliehdokas (kesk), Lappaj\u00e4rvi<\/p>\n\n\n\n<p class=\"wp-block-paragraph\"><em>Julkaistu J\u00e4rviseudun Sanomissa 29.7.2026<\/em><\/p>\n\n\n\n<p class=\"wp-block-paragraph\"><\/p>\n","protected":false},"excerpt":{"rendered":"<p>Viime viikkojen aikana olemme saaneet nauttia useista J\u00e4rviseudun kes\u00e4markkinoista. Aurinko paistoi ja k\u00e4vij\u00e4t p\u00e4\u00e4siv\u00e4t tekem\u00e4\u00e4n ostoksia myyntikojuissa. Kes\u00e4markkinoissa parasta taitaa kuitenkin olla tuttujen n\u00e4keminen, toisten ihmisten kohtaaminen. Kes\u00e4markkinoiden lis\u00e4ksi J\u00e4rviseudulla j\u00e4rjestet\u00e4\u00e4n kes\u00e4ll\u00e4 kymmeni\u00e4 muita tapahtumia, joiden joukossa on jopa tuhansia ihmisi\u00e4 paikalle houkutteleva Vimpelin Pesisfestivaalit. Jokainen kes\u00e4tapahtuma vaatii kymmeni\u00e4 ja satoja ty\u00f6tunteja, jotka yleens\u00e4 tehd\u00e4\u00e4n [&hellip;]<\/p>\n","protected":false},"author":1,"featured_media":0,"comment_status":"closed","ping_status":"open","sticky":false,"template":"","format":"standard","meta":{"footnotes":""},"categories":[1],"tags":[],"class_list":["post-247","post","type-post","status-publish","format-standard","hentry","category-uncategorized"],"yoast_head":"<!-- This site is optimized with the Yoast SEO plugin v27.5 - https:\/\/yoast.com\/product\/yoast-seo-wordpress\/ -->\n<title>Yhteis\u00f6llisyys J\u00e4rviseudun voimavara - Jaakko Anttila<\/title>\n<meta name=\"robots\" content=\"index, follow, max-snippet:-1, max-image-preview:large, max-video-preview:-1\" \/>\n<link rel=\"canonical\" href=\"https:\/\/anttilanjaakko.fi\/index.php\/2026\/08\/16\/yhteisollisyys-jarviseudun-voimavara\/\" \/>\n<meta property=\"og:locale\" content=\"fi_FI\" \/>\n<meta property=\"og:type\" content=\"article\" \/>\n<meta property=\"og:title\" content=\"Yhteis\u00f6llisyys J\u00e4rviseudun voimavara - Jaakko Anttila\" \/>\n<meta property=\"og:description\" content=\"Viime viikkojen aikana olemme saaneet nauttia useista J\u00e4rviseudun kes\u00e4markkinoista. Aurinko paistoi ja k\u00e4vij\u00e4t p\u00e4\u00e4siv\u00e4t tekem\u00e4\u00e4n ostoksia myyntikojuissa. Kes\u00e4markkinoissa parasta taitaa kuitenkin olla tuttujen n\u00e4keminen, toisten ihmisten kohtaaminen. Kes\u00e4markkinoiden lis\u00e4ksi J\u00e4rviseudulla j\u00e4rjestet\u00e4\u00e4n kes\u00e4ll\u00e4 kymmeni\u00e4 muita tapahtumia, joiden joukossa on jopa tuhansia ihmisi\u00e4 paikalle houkutteleva Vimpelin Pesisfestivaalit. Jokainen kes\u00e4tapahtuma vaatii kymmeni\u00e4 ja satoja ty\u00f6tunteja, jotka yleens\u00e4 tehd\u00e4\u00e4n [&hellip;]\" \/>\n<meta property=\"og:url\" content=\"https:\/\/anttilanjaakko.fi\/index.php\/2026\/08\/16\/yhteisollisyys-jarviseudun-voimavara\/\" \/>\n<meta property=\"og:site_name\" content=\"Jaakko Anttila\" \/>\n<meta property=\"article:publisher\" content=\"https:\/\/www.facebook.com\/p\/Aluevaltuutettu-Jaakko-Anttila-61573702684660\/\" \/>\n<meta property=\"article:author\" content=\"https:\/\/www.facebook.com\/p\/Aluevaltuutettu-Jaakko-Anttila-61573702684660\/\" \/>\n<meta property=\"article:published_time\" content=\"2026-08-16T11:42:39+00:00\" \/>\n<meta property=\"article:modified_time\" content=\"2026-08-16T11:42:40+00:00\" \/>\n<meta name=\"author\" content=\"Jaakko Anttila\" \/>\n<meta name=\"twitter:card\" content=\"summary_large_image\" \/>\n<meta name=\"twitter:label1\" content=\"Kirjoittanut\" \/>\n\t<meta name=\"twitter:data1\" content=\"Jaakko Anttila\" \/>\n\t<meta name=\"twitter:label2\" content=\"Arvioitu lukuaika\" \/>\n\t<meta name=\"twitter:data2\" content=\"1 minuutti\" \/>\n<script type=\"application\/ld+json\" class=\"yoast-schema-graph\">{\"@context\":\"https:\\\/\\\/schema.org\",\"@graph\":[{\"@type\":\"Article\",\"@id\":\"https:\\\/\\\/anttilanjaakko.fi\\\/index.php\\\/2026\\\/08\\\/16\\\/yhteisollisyys-jarviseudun-voimavara\\\/#article\",\"isPartOf\":{\"@id\":\"https:\\\/\\\/anttilanjaakko.fi\\\/index.php\\\/2026\\\/08\\\/16\\\/yhteisollisyys-jarviseudun-voimavara\\\/\"},\"author\":{\"name\":\"Jaakko Anttila\",\"@id\":\"https:\\\/\\\/anttilanjaakko.fi\\\/#\\\/schema\\\/person\\\/1b89909e034a1bda517108c70eb82318\"},\"headline\":\"Yhteis\u00f6llisyys J\u00e4rviseudun voimavara\",\"datePublished\":\"2026-08-16T11:42:39+00:00\",\"dateModified\":\"2026-08-16T11:42:40+00:00\",\"mainEntityOfPage\":{\"@id\":\"https:\\\/\\\/anttilanjaakko.fi\\\/index.php\\\/2026\\\/08\\\/16\\\/yhteisollisyys-jarviseudun-voimavara\\\/\"},\"wordCount\":163,\"publisher\":{\"@id\":\"https:\\\/\\\/anttilanjaakko.fi\\\/#\\\/schema\\\/person\\\/1b89909e034a1bda517108c70eb82318\"},\"articleSection\":[\"Uncategorized\"],\"inLanguage\":\"fi\"},{\"@type\":\"WebPage\",\"@id\":\"https:\\\/\\\/anttilanjaakko.fi\\\/index.php\\\/2026\\\/08\\\/16\\\/yhteisollisyys-jarviseudun-voimavara\\\/\",\"url\":\"https:\\\/\\\/anttilanjaakko.fi\\\/index.php\\\/2026\\\/08\\\/16\\\/yhteisollisyys-jarviseudun-voimavara\\\/\",\"name\":\"Yhteis\u00f6llisyys J\u00e4rviseudun voimavara - Jaakko Anttila\",\"isPartOf\":{\"@id\":\"https:\\\/\\\/anttilanjaakko.fi\\\/#website\"},\"datePublished\":\"2026-08-16T11:42:39+00:00\",\"dateModified\":\"2026-08-16T11:42:40+00:00\",\"breadcrumb\":{\"@id\":\"https:\\\/\\\/anttilanjaakko.fi\\\/index.php\\\/2026\\\/08\\\/16\\\/yhteisollisyys-jarviseudun-voimavara\\\/#breadcrumb\"},\"inLanguage\":\"fi\",\"potentialAction\":[{\"@type\":\"ReadAction\",\"target\":[\"https:\\\/\\\/anttilanjaakko.fi\\\/index.php\\\/2026\\\/08\\\/16\\\/yhteisollisyys-jarviseudun-voimavara\\\/\"]}]},{\"@type\":\"BreadcrumbList\",\"@id\":\"https:\\\/\\\/anttilanjaakko.fi\\\/index.php\\\/2026\\\/08\\\/16\\\/yhteisollisyys-jarviseudun-voimavara\\\/#breadcrumb\",\"itemListElement\":[{\"@type\":\"ListItem\",\"position\":1,\"name\":\"Etusivu\",\"item\":\"https:\\\/\\\/anttilanjaakko.fi\\\/\"},{\"@type\":\"ListItem\",\"position\":2,\"name\":\"Yhteis\u00f6llisyys J\u00e4rviseudun voimavara\"}]},{\"@type\":\"WebSite\",\"@id\":\"https:\\\/\\\/anttilanjaakko.fi\\\/#website\",\"url\":\"https:\\\/\\\/anttilanjaakko.fi\\\/\",\"name\":\"Jaakko Anttila\",\"description\":\"Jaakko Anttila eduskuntaan 2027\",\"publisher\":{\"@id\":\"https:\\\/\\\/anttilanjaakko.fi\\\/#\\\/schema\\\/person\\\/1b89909e034a1bda517108c70eb82318\"},\"potentialAction\":[{\"@type\":\"SearchAction\",\"target\":{\"@type\":\"EntryPoint\",\"urlTemplate\":\"https:\\\/\\\/anttilanjaakko.fi\\\/?s={search_term_string}\"},\"query-input\":{\"@type\":\"PropertyValueSpecification\",\"valueRequired\":true,\"valueName\":\"search_term_string\"}}],\"inLanguage\":\"fi\"},{\"@type\":[\"Person\",\"Organization\"],\"@id\":\"https:\\\/\\\/anttilanjaakko.fi\\\/#\\\/schema\\\/person\\\/1b89909e034a1bda517108c70eb82318\",\"name\":\"Jaakko Anttila\",\"image\":{\"@type\":\"ImageObject\",\"inLanguage\":\"fi\",\"@id\":\"https:\\\/\\\/anttilanjaakko.fi\\\/wp-content\\\/uploads\\\/2026\\\/04\\\/Ylatunniste_kotisivu.png\",\"url\":\"https:\\\/\\\/anttilanjaakko.fi\\\/wp-content\\\/uploads\\\/2026\\\/04\\\/Ylatunniste_kotisivu.png\",\"contentUrl\":\"https:\\\/\\\/anttilanjaakko.fi\\\/wp-content\\\/uploads\\\/2026\\\/04\\\/Ylatunniste_kotisivu.png\",\"width\":1920,\"height\":600,\"caption\":\"Jaakko Anttila\"},\"logo\":{\"@id\":\"https:\\\/\\\/anttilanjaakko.fi\\\/wp-content\\\/uploads\\\/2026\\\/04\\\/Ylatunniste_kotisivu.png\"},\"sameAs\":[\"https:\\\/\\\/anttilanjaakko.fi\",\"https:\\\/\\\/www.facebook.com\\\/p\\\/Aluevaltuutettu-Jaakko-Anttila-61573702684660\\\/\"],\"url\":\"https:\\\/\\\/anttilanjaakko.fi\\\/index.php\\\/author\\\/anttilan\\\/\"}]}<\/script>\n<!-- \/ Yoast SEO plugin. -->","yoast_head_json":{"title":"Yhteis\u00f6llisyys J\u00e4rviseudun voimavara - Jaakko Anttila","robots":{"index":"index","follow":"follow","max-snippet":"max-snippet:-1","max-image-preview":"max-image-preview:large","max-video-preview":"max-video-preview:-1"},"canonical":"https:\/\/anttilanjaakko.fi\/index.php\/2026\/08\/16\/yhteisollisyys-jarviseudun-voimavara\/","og_locale":"fi_FI","og_type":"article","og_title":"Yhteis\u00f6llisyys J\u00e4rviseudun voimavara - Jaakko Anttila","og_description":"Viime viikkojen aikana olemme saaneet nauttia useista J\u00e4rviseudun kes\u00e4markkinoista. Aurinko paistoi ja k\u00e4vij\u00e4t p\u00e4\u00e4siv\u00e4t tekem\u00e4\u00e4n ostoksia myyntikojuissa. Kes\u00e4markkinoissa parasta taitaa kuitenkin olla tuttujen n\u00e4keminen, toisten ihmisten kohtaaminen. Kes\u00e4markkinoiden lis\u00e4ksi J\u00e4rviseudulla j\u00e4rjestet\u00e4\u00e4n kes\u00e4ll\u00e4 kymmeni\u00e4 muita tapahtumia, joiden joukossa on jopa tuhansia ihmisi\u00e4 paikalle houkutteleva Vimpelin Pesisfestivaalit. Jokainen kes\u00e4tapahtuma vaatii kymmeni\u00e4 ja satoja ty\u00f6tunteja, jotka yleens\u00e4 tehd\u00e4\u00e4n [&hellip;]","og_url":"https:\/\/anttilanjaakko.fi\/index.php\/2026\/08\/16\/yhteisollisyys-jarviseudun-voimavara\/","og_site_name":"Jaakko Anttila","article_publisher":"https:\/\/www.facebook.com\/p\/Aluevaltuutettu-Jaakko-Anttila-61573702684660\/","article_author":"https:\/\/www.facebook.com\/p\/Aluevaltuutettu-Jaakko-Anttila-61573702684660\/","article_published_time":"2026-08-16T11:42:39+00:00","article_modified_time":"2026-08-16T11:42:40+00:00","author":"Jaakko Anttila","twitter_card":"summary_large_image","twitter_misc":{"Kirjoittanut":"Jaakko Anttila","Arvioitu lukuaika":"1 minuutti"},"schema":{"@context":"https:\/\/schema.org","@graph":[{"@type":"Article","@id":"https:\/\/anttilanjaakko.fi\/index.php\/2026\/08\/16\/yhteisollisyys-jarviseudun-voimavara\/#article","isPartOf":{"@id":"https:\/\/anttilanjaakko.fi\/index.php\/2026\/08\/16\/yhteisollisyys-jarviseudun-voimavara\/"},"author":{"name":"Jaakko Anttila","@id":"https:\/\/anttilanjaakko.fi\/#\/schema\/person\/1b89909e034a1bda517108c70eb82318"},"headline":"Yhteis\u00f6llisyys J\u00e4rviseudun voimavara","datePublished":"2026-08-16T11:42:39+00:00","dateModified":"2026-08-16T11:42:40+00:00","mainEntityOfPage":{"@id":"https:\/\/anttilanjaakko.fi\/index.php\/2026\/08\/16\/yhteisollisyys-jarviseudun-voimavara\/"},"wordCount":163,"publisher":{"@id":"https:\/\/anttilanjaakko.fi\/#\/schema\/person\/1b89909e034a1bda517108c70eb82318"},"articleSection":["Uncategorized"],"inLanguage":"fi"},{"@type":"WebPage","@id":"https:\/\/anttilanjaakko.fi\/index.php\/2026\/08\/16\/yhteisollisyys-jarviseudun-voimavara\/","url":"https:\/\/anttilanjaakko.fi\/index.php\/2026\/08\/16\/yhteisollisyys-jarviseudun-voimavara\/","name":"Yhteis\u00f6llisyys J\u00e4rviseudun voimavara - Jaakko Anttila","isPartOf":{"@id":"https:\/\/anttilanjaakko.fi\/#website"},"datePublished":"2026-08-16T11:42:39+00:00","dateModified":"2026-08-16T11:42:40+00:00","breadcrumb":{"@id":"https:\/\/anttilanjaakko.fi\/index.php\/2026\/08\/16\/yhteisollisyys-jarviseudun-voimavara\/#breadcrumb"},"inLanguage":"fi","potentialAction":[{"@type":"ReadAction","target":["https:\/\/anttilanjaakko.fi\/index.php\/2026\/08\/16\/yhteisollisyys-jarviseudun-voimavara\/"]}]},{"@type":"BreadcrumbList","@id":"https:\/\/anttilanjaakko.fi\/index.php\/2026\/08\/16\/yhteisollisyys-jarviseudun-voimavara\/#breadcrumb","itemListElement":[{"@type":"ListItem","position":1,"name":"Etusivu","item":"https:\/\/anttilanjaakko.fi\/"},{"@type":"ListItem","position":2,"name":"Yhteis\u00f6llisyys J\u00e4rviseudun voimavara"}]},{"@type":"WebSite","@id":"https:\/\/anttilanjaakko.fi\/#website","url":"https:\/\/anttilanjaakko.fi\/","name":"Jaakko Anttila","description":"Jaakko Anttila eduskuntaan 2027","publisher":{"@id":"https:\/\/anttilanjaakko.fi\/#\/schema\/person\/1b89909e034a1bda517108c70eb82318"},"potentialAction":[{"@type":"SearchAction","target":{"@type":"EntryPoint","urlTemplate":"https:\/\/anttilanjaakko.fi\/?s={search_term_string}"},"query-input":{"@type":"PropertyValueSpecification","valueRequired":true,"valueName":"search_term_string"}}],"inLanguage":"fi"},{"@type":["Person","Organization"],"@id":"https:\/\/anttilanjaakko.fi\/#\/schema\/person\/1b89909e034a1bda517108c70eb82318","name":"Jaakko Anttila","image":{"@type":"ImageObject","inLanguage":"fi","@id":"https:\/\/anttilanjaakko.fi\/wp-content\/uploads\/2026\/04\/Ylatunniste_kotisivu.png","url":"https:\/\/anttilanjaakko.fi\/wp-content\/uploads\/2026\/04\/Ylatunniste_kotisivu.png","contentUrl":"https:\/\/anttilanjaakko.fi\/wp-content\/uploads\/2026\/04\/Ylatunniste_kotisivu.png","width":1920,"height":600,"caption":"Jaakko Anttila"},"logo":{"@id":"https:\/\/anttilanjaakko.fi\/wp-content\/uploads\/2026\/04\/Ylatunniste_kotisivu.png"},"sameAs":["https:\/\/anttilanjaakko.fi","https:\/\/www.facebook.com\/p\/Aluevaltuutettu-Jaakko-Anttila-61573702684660\/"],"url":"https:\/\/anttilanjaakko.fi\/index.php\/author\/anttilan\/"}]}},"_links":{"self":[{"href":"https:\/\/anttilanjaakko.fi\/index.php\/wp-json\/wp\/v2\/posts\/247","targetHints":{"allow":["GET"]}}],"collection":[{"href":"https:\/\/anttilanjaakko.fi\/index.php\/wp-json\/wp\/v2\/posts"}],"about":[{"href":"https:\/\/anttilanjaakko.fi\/index.php\/wp-json\/wp\/v2\/types\/post"}],"author":[{"embeddable":true,"href":"https:\/\/anttilanjaakko.fi\/index.php\/wp-json\/wp\/v2\/users\/1"}],"replies":[{"embeddable":true,"href":"https:\/\/anttilanjaakko.fi\/index.php\/wp-json\/wp\/v2\/comments?post=247"}],"version-history":[{"count":1,"href":"https:\/\/anttilanjaakko.fi\/index.php\/wp-json\/wp\/v2\/posts\/247\/revisions"}],"predecessor-version":[{"id":248,"href":"https:\/\/anttilanjaakko.fi\/index.php\/wp-json\/wp\/v2\/posts\/247\/revisions\/248"}],"wp:attachment":[{"href":"https:\/\/anttilanjaakko.fi\/index.php\/wp-json\/wp\/v2\/media?parent=247"}],"wp:term":[{"taxonomy":"category","embeddable":true,"href":"https:\/\/anttilanjaakko.fi\/index.php\/wp-json\/wp\/v2\/categories?post=247"},{"taxonomy":"post_tag","embeddable":true,"href":"https:\/\/anttilanjaakko.fi\/index.php\/wp-json\/wp\/v2\/tags?post=247"}],"curies":[{"name":"wp","href":"https:\/\/api.w.org\/{rel}","templated":true}]}}