{"id":237,"date":"2026-06-17T11:52:26","date_gmt":"2026-06-17T11:52:26","guid":{"rendered":"https:\/\/anttilanjaakko.fi\/?p=237"},"modified":"2026-06-17T11:52:28","modified_gmt":"2026-06-17T11:52:28","slug":"meille-ei-annettu-mahdollisuutta","status":"publish","type":"post","link":"https:\/\/anttilanjaakko.fi\/index.php\/2026\/06\/17\/meille-ei-annettu-mahdollisuutta\/","title":{"rendered":"Meille ei annettu mahdollisuutta"},"content":{"rendered":"\n<p class=\"wp-block-paragraph\">Saimme kuulla tiistaina 16.6.2026 Etel\u00e4-Pohjanmaan hyvinvointialueen joutuvan kunta- ja alueministeri Anna-Kaisa Ikosen p\u00e4\u00e4t\u00f6ksell\u00e4 arviointimenettelyyn. Arviointimenettelyss\u00e4 valtio ja hyvinvointialue arvioivat onko Etel\u00e4-Pohjanmaan hyvinvointialueella edellytyksi\u00e4 jatkossa selvit\u00e4 teht\u00e4vist\u00e4\u00e4n.<\/p>\n\n\n\n<p class=\"wp-block-paragraph\">Etel\u00e4-Pohjanmaan hyvinvointialueelle ei koskaan annettu mahdollisuutta onnistua teht\u00e4v\u00e4ss\u00e4\u00e4n. Kahtena ensimm\u00e4isen\u00e4 toimintavuotena 2023 ja 2024 hyvinvointialueen rahoitus oli t\u00e4ysin alimitoitettua. Rahoitusperusteissa korostuu liikaa hyvinvointialueiden v\u00e4kiluku, jossa v\u00e4est\u00f6tihe\u00e4t alueet voittavat.&nbsp;<\/p>\n\n\n\n<p class=\"wp-block-paragraph\">Yritimme muiden Etel\u00e4-Pohjanmaan alueen sote-johtajien kanssa kev\u00e4\u00e4ll\u00e4 2021 vaikuttaa THL:n asiantuntijoihin ja Etel\u00e4-Pohjanmaan kansanedustajien kautta valtakunnalliseen p\u00e4\u00e4t\u00f6ksentekoon hyvinvointialueiden rahoituksen m\u00e4\u00e4r\u00e4ytymisest\u00e4, jotta Etel\u00e4-Pohjanmaan v\u00e4est\u00f6n sijoittuminen hajalleen ja i\u00e4kk\u00e4iden runsas m\u00e4\u00e4r\u00e4 olisi otettu paremmin huomioon hyvinvointialueiden rahoitusmallissa.&nbsp;<\/p>\n\n\n\n<p class=\"wp-block-paragraph\">Etel\u00e4-Pohjanmaan v\u00e4henev\u00e4n, sairastavan ja hajallaan asuvan v\u00e4est\u00f6n hoitaminen maksaa, mutta t\u00e4t\u00e4 ei lopulta huomioida rahoituksessa riitt\u00e4v\u00e4sti. Kaiken lis\u00e4ksi koko maan sote-palveluiden vuosien 2023 ja 2024 rahoituksen korjaaminen toteutettiin tavalla, jossa Etel\u00e4-Pohjanmaa h\u00e4visi.<\/p>\n\n\n\n<p class=\"wp-block-paragraph\">Etel\u00e4-Pohjanmaan hyvinvointialue on osoittanut, ett\u00e4 THL:n ker\u00e4\u00e4m\u00e4t v\u00e4est\u00f6n sairastavuustiedot eiv\u00e4t ole vastanneet todellisuutta ja Etel\u00e4-Pohjanmaan rahoituksen taso olisi siten pit\u00e4nyt olla merkitt\u00e4v\u00e4sti suurempi. Etel\u00e4-Pohjanmaan hyvinvointialue on valittanut hallinto-oikeuteen valtiovarainministeri\u00f6n rahoitusp\u00e4\u00e4t\u00f6ksest\u00e4, koska hyvinvointialueen mielest\u00e4 rahoitusta on j\u00e4\u00e4nyt saamatta Etel\u00e4-Pohjanmaalle jopa kymmeni\u00e4 miljoonia euroja.<\/p>\n\n\n\n<p class=\"wp-block-paragraph\">Hyvinvointialueen talous on kohenemassa, mutta etenkin kahtena ensimm\u00e4isen\u00e4 riitt\u00e4m\u00e4tt\u00f6m\u00e4n rahoituksen v\u00e4ritt\u00e4m\u00e4n\u00e4 toimintavuotena kertyneet alij\u00e4\u00e4m\u00e4t ovat suurin syy arviointimenettelyyn joutumiselle. T\u00e4st\u00e4 on syytetty milloin viranhaltijoita, milloin p\u00e4\u00e4tt\u00e4ji\u00e4. My\u00f6s ministeri\u00f6iss\u00e4 on tehty virheit\u00e4, jotka ovat osasyyn\u00e4 arviointimenettelyyn joutumiselle. Hyv\u00e4n hallinnon periaatteiden mukaisesti kansalaisen on voitava luottaa siihen, ett\u00e4 my\u00f6s ministeri\u00f6iden p\u00e4\u00e4t\u00f6kset ovat laillisia ja virheett\u00f6mi\u00e4. Nyt etel\u00e4pohjalaiset joutuvat kohtuuttomasti maksamaan koko j\u00e4rjestelm\u00e4n virheist\u00e4.<\/p>\n\n\n\n<p class=\"wp-block-paragraph\"><em>Julkaistu Ilkka-Pohjalaisessa 17.6.2026<\/em><\/p>\n\n\n\n<p class=\"wp-block-paragraph\"><\/p>\n","protected":false},"excerpt":{"rendered":"<p>Saimme kuulla tiistaina 16.6.2026 Etel\u00e4-Pohjanmaan hyvinvointialueen joutuvan kunta- ja alueministeri Anna-Kaisa Ikosen p\u00e4\u00e4t\u00f6ksell\u00e4 arviointimenettelyyn. Arviointimenettelyss\u00e4 valtio ja hyvinvointialue arvioivat onko Etel\u00e4-Pohjanmaan hyvinvointialueella edellytyksi\u00e4 jatkossa selvit\u00e4 teht\u00e4vist\u00e4\u00e4n. Etel\u00e4-Pohjanmaan hyvinvointialueelle ei koskaan annettu mahdollisuutta onnistua teht\u00e4v\u00e4ss\u00e4\u00e4n. Kahtena ensimm\u00e4isen\u00e4 toimintavuotena 2023 ja 2024 hyvinvointialueen rahoitus oli t\u00e4ysin alimitoitettua. Rahoitusperusteissa korostuu liikaa hyvinvointialueiden v\u00e4kiluku, jossa v\u00e4est\u00f6tihe\u00e4t alueet voittavat.&nbsp; Yritimme [&hellip;]<\/p>\n","protected":false},"author":1,"featured_media":0,"comment_status":"closed","ping_status":"open","sticky":false,"template":"","format":"standard","meta":{"footnotes":""},"categories":[1],"tags":[],"class_list":["post-237","post","type-post","status-publish","format-standard","hentry","category-uncategorized"],"yoast_head":"<!-- This site is optimized with the Yoast SEO plugin v27.5 - https:\/\/yoast.com\/product\/yoast-seo-wordpress\/ -->\n<title>Meille ei annettu mahdollisuutta - Jaakko Anttila<\/title>\n<meta name=\"robots\" content=\"index, follow, max-snippet:-1, max-image-preview:large, max-video-preview:-1\" \/>\n<link rel=\"canonical\" href=\"https:\/\/anttilanjaakko.fi\/index.php\/2026\/06\/17\/meille-ei-annettu-mahdollisuutta\/\" \/>\n<meta property=\"og:locale\" content=\"fi_FI\" \/>\n<meta property=\"og:type\" content=\"article\" \/>\n<meta property=\"og:title\" content=\"Meille ei annettu mahdollisuutta - Jaakko Anttila\" \/>\n<meta property=\"og:description\" content=\"Saimme kuulla tiistaina 16.6.2026 Etel\u00e4-Pohjanmaan hyvinvointialueen joutuvan kunta- ja alueministeri Anna-Kaisa Ikosen p\u00e4\u00e4t\u00f6ksell\u00e4 arviointimenettelyyn. Arviointimenettelyss\u00e4 valtio ja hyvinvointialue arvioivat onko Etel\u00e4-Pohjanmaan hyvinvointialueella edellytyksi\u00e4 jatkossa selvit\u00e4 teht\u00e4vist\u00e4\u00e4n. Etel\u00e4-Pohjanmaan hyvinvointialueelle ei koskaan annettu mahdollisuutta onnistua teht\u00e4v\u00e4ss\u00e4\u00e4n. Kahtena ensimm\u00e4isen\u00e4 toimintavuotena 2023 ja 2024 hyvinvointialueen rahoitus oli t\u00e4ysin alimitoitettua. Rahoitusperusteissa korostuu liikaa hyvinvointialueiden v\u00e4kiluku, jossa v\u00e4est\u00f6tihe\u00e4t alueet voittavat.&nbsp; Yritimme [&hellip;]\" \/>\n<meta property=\"og:url\" content=\"https:\/\/anttilanjaakko.fi\/index.php\/2026\/06\/17\/meille-ei-annettu-mahdollisuutta\/\" \/>\n<meta property=\"og:site_name\" content=\"Jaakko Anttila\" \/>\n<meta property=\"article:publisher\" content=\"https:\/\/www.facebook.com\/p\/Aluevaltuutettu-Jaakko-Anttila-61573702684660\/\" \/>\n<meta property=\"article:author\" content=\"https:\/\/www.facebook.com\/p\/Aluevaltuutettu-Jaakko-Anttila-61573702684660\/\" \/>\n<meta property=\"article:published_time\" content=\"2026-06-17T11:52:26+00:00\" \/>\n<meta property=\"article:modified_time\" content=\"2026-06-17T11:52:28+00:00\" \/>\n<meta name=\"author\" content=\"Jaakko Anttila\" \/>\n<meta name=\"twitter:card\" content=\"summary_large_image\" \/>\n<meta name=\"twitter:label1\" content=\"Kirjoittanut\" \/>\n\t<meta name=\"twitter:data1\" content=\"Jaakko Anttila\" \/>\n\t<meta name=\"twitter:label2\" content=\"Arvioitu lukuaika\" \/>\n\t<meta name=\"twitter:data2\" content=\"2 minuuttia\" \/>\n<script type=\"application\/ld+json\" class=\"yoast-schema-graph\">{\"@context\":\"https:\\\/\\\/schema.org\",\"@graph\":[{\"@type\":\"Article\",\"@id\":\"https:\\\/\\\/anttilanjaakko.fi\\\/index.php\\\/2026\\\/06\\\/17\\\/meille-ei-annettu-mahdollisuutta\\\/#article\",\"isPartOf\":{\"@id\":\"https:\\\/\\\/anttilanjaakko.fi\\\/index.php\\\/2026\\\/06\\\/17\\\/meille-ei-annettu-mahdollisuutta\\\/\"},\"author\":{\"name\":\"Jaakko Anttila\",\"@id\":\"https:\\\/\\\/anttilanjaakko.fi\\\/#\\\/schema\\\/person\\\/1b89909e034a1bda517108c70eb82318\"},\"headline\":\"Meille ei annettu mahdollisuutta\",\"datePublished\":\"2026-06-17T11:52:26+00:00\",\"dateModified\":\"2026-06-17T11:52:28+00:00\",\"mainEntityOfPage\":{\"@id\":\"https:\\\/\\\/anttilanjaakko.fi\\\/index.php\\\/2026\\\/06\\\/17\\\/meille-ei-annettu-mahdollisuutta\\\/\"},\"wordCount\":308,\"publisher\":{\"@id\":\"https:\\\/\\\/anttilanjaakko.fi\\\/#\\\/schema\\\/person\\\/1b89909e034a1bda517108c70eb82318\"},\"articleSection\":[\"Uncategorized\"],\"inLanguage\":\"fi\"},{\"@type\":\"WebPage\",\"@id\":\"https:\\\/\\\/anttilanjaakko.fi\\\/index.php\\\/2026\\\/06\\\/17\\\/meille-ei-annettu-mahdollisuutta\\\/\",\"url\":\"https:\\\/\\\/anttilanjaakko.fi\\\/index.php\\\/2026\\\/06\\\/17\\\/meille-ei-annettu-mahdollisuutta\\\/\",\"name\":\"Meille ei annettu mahdollisuutta - Jaakko Anttila\",\"isPartOf\":{\"@id\":\"https:\\\/\\\/anttilanjaakko.fi\\\/#website\"},\"datePublished\":\"2026-06-17T11:52:26+00:00\",\"dateModified\":\"2026-06-17T11:52:28+00:00\",\"breadcrumb\":{\"@id\":\"https:\\\/\\\/anttilanjaakko.fi\\\/index.php\\\/2026\\\/06\\\/17\\\/meille-ei-annettu-mahdollisuutta\\\/#breadcrumb\"},\"inLanguage\":\"fi\",\"potentialAction\":[{\"@type\":\"ReadAction\",\"target\":[\"https:\\\/\\\/anttilanjaakko.fi\\\/index.php\\\/2026\\\/06\\\/17\\\/meille-ei-annettu-mahdollisuutta\\\/\"]}]},{\"@type\":\"BreadcrumbList\",\"@id\":\"https:\\\/\\\/anttilanjaakko.fi\\\/index.php\\\/2026\\\/06\\\/17\\\/meille-ei-annettu-mahdollisuutta\\\/#breadcrumb\",\"itemListElement\":[{\"@type\":\"ListItem\",\"position\":1,\"name\":\"Etusivu\",\"item\":\"https:\\\/\\\/anttilanjaakko.fi\\\/\"},{\"@type\":\"ListItem\",\"position\":2,\"name\":\"Meille ei annettu mahdollisuutta\"}]},{\"@type\":\"WebSite\",\"@id\":\"https:\\\/\\\/anttilanjaakko.fi\\\/#website\",\"url\":\"https:\\\/\\\/anttilanjaakko.fi\\\/\",\"name\":\"Jaakko Anttila\",\"description\":\"Jaakko Anttila eduskuntaan 2027\",\"publisher\":{\"@id\":\"https:\\\/\\\/anttilanjaakko.fi\\\/#\\\/schema\\\/person\\\/1b89909e034a1bda517108c70eb82318\"},\"potentialAction\":[{\"@type\":\"SearchAction\",\"target\":{\"@type\":\"EntryPoint\",\"urlTemplate\":\"https:\\\/\\\/anttilanjaakko.fi\\\/?s={search_term_string}\"},\"query-input\":{\"@type\":\"PropertyValueSpecification\",\"valueRequired\":true,\"valueName\":\"search_term_string\"}}],\"inLanguage\":\"fi\"},{\"@type\":[\"Person\",\"Organization\"],\"@id\":\"https:\\\/\\\/anttilanjaakko.fi\\\/#\\\/schema\\\/person\\\/1b89909e034a1bda517108c70eb82318\",\"name\":\"Jaakko Anttila\",\"image\":{\"@type\":\"ImageObject\",\"inLanguage\":\"fi\",\"@id\":\"https:\\\/\\\/anttilanjaakko.fi\\\/wp-content\\\/uploads\\\/2026\\\/04\\\/Ylatunniste_kotisivu.png\",\"url\":\"https:\\\/\\\/anttilanjaakko.fi\\\/wp-content\\\/uploads\\\/2026\\\/04\\\/Ylatunniste_kotisivu.png\",\"contentUrl\":\"https:\\\/\\\/anttilanjaakko.fi\\\/wp-content\\\/uploads\\\/2026\\\/04\\\/Ylatunniste_kotisivu.png\",\"width\":1920,\"height\":600,\"caption\":\"Jaakko Anttila\"},\"logo\":{\"@id\":\"https:\\\/\\\/anttilanjaakko.fi\\\/wp-content\\\/uploads\\\/2026\\\/04\\\/Ylatunniste_kotisivu.png\"},\"sameAs\":[\"https:\\\/\\\/anttilanjaakko.fi\",\"https:\\\/\\\/www.facebook.com\\\/p\\\/Aluevaltuutettu-Jaakko-Anttila-61573702684660\\\/\"],\"url\":\"https:\\\/\\\/anttilanjaakko.fi\\\/index.php\\\/author\\\/anttilan\\\/\"}]}<\/script>\n<!-- \/ Yoast SEO plugin. -->","yoast_head_json":{"title":"Meille ei annettu mahdollisuutta - Jaakko Anttila","robots":{"index":"index","follow":"follow","max-snippet":"max-snippet:-1","max-image-preview":"max-image-preview:large","max-video-preview":"max-video-preview:-1"},"canonical":"https:\/\/anttilanjaakko.fi\/index.php\/2026\/06\/17\/meille-ei-annettu-mahdollisuutta\/","og_locale":"fi_FI","og_type":"article","og_title":"Meille ei annettu mahdollisuutta - Jaakko Anttila","og_description":"Saimme kuulla tiistaina 16.6.2026 Etel\u00e4-Pohjanmaan hyvinvointialueen joutuvan kunta- ja alueministeri Anna-Kaisa Ikosen p\u00e4\u00e4t\u00f6ksell\u00e4 arviointimenettelyyn. Arviointimenettelyss\u00e4 valtio ja hyvinvointialue arvioivat onko Etel\u00e4-Pohjanmaan hyvinvointialueella edellytyksi\u00e4 jatkossa selvit\u00e4 teht\u00e4vist\u00e4\u00e4n. Etel\u00e4-Pohjanmaan hyvinvointialueelle ei koskaan annettu mahdollisuutta onnistua teht\u00e4v\u00e4ss\u00e4\u00e4n. Kahtena ensimm\u00e4isen\u00e4 toimintavuotena 2023 ja 2024 hyvinvointialueen rahoitus oli t\u00e4ysin alimitoitettua. Rahoitusperusteissa korostuu liikaa hyvinvointialueiden v\u00e4kiluku, jossa v\u00e4est\u00f6tihe\u00e4t alueet voittavat.&nbsp; Yritimme [&hellip;]","og_url":"https:\/\/anttilanjaakko.fi\/index.php\/2026\/06\/17\/meille-ei-annettu-mahdollisuutta\/","og_site_name":"Jaakko Anttila","article_publisher":"https:\/\/www.facebook.com\/p\/Aluevaltuutettu-Jaakko-Anttila-61573702684660\/","article_author":"https:\/\/www.facebook.com\/p\/Aluevaltuutettu-Jaakko-Anttila-61573702684660\/","article_published_time":"2026-06-17T11:52:26+00:00","article_modified_time":"2026-06-17T11:52:28+00:00","author":"Jaakko Anttila","twitter_card":"summary_large_image","twitter_misc":{"Kirjoittanut":"Jaakko Anttila","Arvioitu lukuaika":"2 minuuttia"},"schema":{"@context":"https:\/\/schema.org","@graph":[{"@type":"Article","@id":"https:\/\/anttilanjaakko.fi\/index.php\/2026\/06\/17\/meille-ei-annettu-mahdollisuutta\/#article","isPartOf":{"@id":"https:\/\/anttilanjaakko.fi\/index.php\/2026\/06\/17\/meille-ei-annettu-mahdollisuutta\/"},"author":{"name":"Jaakko Anttila","@id":"https:\/\/anttilanjaakko.fi\/#\/schema\/person\/1b89909e034a1bda517108c70eb82318"},"headline":"Meille ei annettu mahdollisuutta","datePublished":"2026-06-17T11:52:26+00:00","dateModified":"2026-06-17T11:52:28+00:00","mainEntityOfPage":{"@id":"https:\/\/anttilanjaakko.fi\/index.php\/2026\/06\/17\/meille-ei-annettu-mahdollisuutta\/"},"wordCount":308,"publisher":{"@id":"https:\/\/anttilanjaakko.fi\/#\/schema\/person\/1b89909e034a1bda517108c70eb82318"},"articleSection":["Uncategorized"],"inLanguage":"fi"},{"@type":"WebPage","@id":"https:\/\/anttilanjaakko.fi\/index.php\/2026\/06\/17\/meille-ei-annettu-mahdollisuutta\/","url":"https:\/\/anttilanjaakko.fi\/index.php\/2026\/06\/17\/meille-ei-annettu-mahdollisuutta\/","name":"Meille ei annettu mahdollisuutta - Jaakko Anttila","isPartOf":{"@id":"https:\/\/anttilanjaakko.fi\/#website"},"datePublished":"2026-06-17T11:52:26+00:00","dateModified":"2026-06-17T11:52:28+00:00","breadcrumb":{"@id":"https:\/\/anttilanjaakko.fi\/index.php\/2026\/06\/17\/meille-ei-annettu-mahdollisuutta\/#breadcrumb"},"inLanguage":"fi","potentialAction":[{"@type":"ReadAction","target":["https:\/\/anttilanjaakko.fi\/index.php\/2026\/06\/17\/meille-ei-annettu-mahdollisuutta\/"]}]},{"@type":"BreadcrumbList","@id":"https:\/\/anttilanjaakko.fi\/index.php\/2026\/06\/17\/meille-ei-annettu-mahdollisuutta\/#breadcrumb","itemListElement":[{"@type":"ListItem","position":1,"name":"Etusivu","item":"https:\/\/anttilanjaakko.fi\/"},{"@type":"ListItem","position":2,"name":"Meille ei annettu mahdollisuutta"}]},{"@type":"WebSite","@id":"https:\/\/anttilanjaakko.fi\/#website","url":"https:\/\/anttilanjaakko.fi\/","name":"Jaakko Anttila","description":"Jaakko Anttila eduskuntaan 2027","publisher":{"@id":"https:\/\/anttilanjaakko.fi\/#\/schema\/person\/1b89909e034a1bda517108c70eb82318"},"potentialAction":[{"@type":"SearchAction","target":{"@type":"EntryPoint","urlTemplate":"https:\/\/anttilanjaakko.fi\/?s={search_term_string}"},"query-input":{"@type":"PropertyValueSpecification","valueRequired":true,"valueName":"search_term_string"}}],"inLanguage":"fi"},{"@type":["Person","Organization"],"@id":"https:\/\/anttilanjaakko.fi\/#\/schema\/person\/1b89909e034a1bda517108c70eb82318","name":"Jaakko Anttila","image":{"@type":"ImageObject","inLanguage":"fi","@id":"https:\/\/anttilanjaakko.fi\/wp-content\/uploads\/2026\/04\/Ylatunniste_kotisivu.png","url":"https:\/\/anttilanjaakko.fi\/wp-content\/uploads\/2026\/04\/Ylatunniste_kotisivu.png","contentUrl":"https:\/\/anttilanjaakko.fi\/wp-content\/uploads\/2026\/04\/Ylatunniste_kotisivu.png","width":1920,"height":600,"caption":"Jaakko Anttila"},"logo":{"@id":"https:\/\/anttilanjaakko.fi\/wp-content\/uploads\/2026\/04\/Ylatunniste_kotisivu.png"},"sameAs":["https:\/\/anttilanjaakko.fi","https:\/\/www.facebook.com\/p\/Aluevaltuutettu-Jaakko-Anttila-61573702684660\/"],"url":"https:\/\/anttilanjaakko.fi\/index.php\/author\/anttilan\/"}]}},"_links":{"self":[{"href":"https:\/\/anttilanjaakko.fi\/index.php\/wp-json\/wp\/v2\/posts\/237","targetHints":{"allow":["GET"]}}],"collection":[{"href":"https:\/\/anttilanjaakko.fi\/index.php\/wp-json\/wp\/v2\/posts"}],"about":[{"href":"https:\/\/anttilanjaakko.fi\/index.php\/wp-json\/wp\/v2\/types\/post"}],"author":[{"embeddable":true,"href":"https:\/\/anttilanjaakko.fi\/index.php\/wp-json\/wp\/v2\/users\/1"}],"replies":[{"embeddable":true,"href":"https:\/\/anttilanjaakko.fi\/index.php\/wp-json\/wp\/v2\/comments?post=237"}],"version-history":[{"count":1,"href":"https:\/\/anttilanjaakko.fi\/index.php\/wp-json\/wp\/v2\/posts\/237\/revisions"}],"predecessor-version":[{"id":238,"href":"https:\/\/anttilanjaakko.fi\/index.php\/wp-json\/wp\/v2\/posts\/237\/revisions\/238"}],"wp:attachment":[{"href":"https:\/\/anttilanjaakko.fi\/index.php\/wp-json\/wp\/v2\/media?parent=237"}],"wp:term":[{"taxonomy":"category","embeddable":true,"href":"https:\/\/anttilanjaakko.fi\/index.php\/wp-json\/wp\/v2\/categories?post=237"},{"taxonomy":"post_tag","embeddable":true,"href":"https:\/\/anttilanjaakko.fi\/index.php\/wp-json\/wp\/v2\/tags?post=237"}],"curies":[{"name":"wp","href":"https:\/\/api.w.org\/{rel}","templated":true}]}}